{"id":11738,"date":"2026-04-27T13:27:02","date_gmt":"2026-04-27T11:27:02","guid":{"rendered":"https:\/\/www.bonninsanso.com\/discoverymenorca\/?p=11738"},"modified":"2026-04-27T13:27:02","modified_gmt":"2026-04-27T11:27:02","slug":"cala-corb-el-lugar-donde-el-mar-y-la-vida-se-encuentran","status":"publish","type":"post","link":"https:\/\/www.bonninsanso.com\/discoverymenorca\/es\/cala-corb-el-lugar-donde-el-mar-y-la-vida-se-encuentran\/","title":{"rendered":"Cala Corb: El lugar donde el mar y la vida se encuentran."},"content":{"rendered":"<p>Residencial Cala Corb ha sido uno de esos lugares capaces de despertar emociones desde el primer instante. Un enclave privilegiado frente al puerto de Mah\u00f3n, donde la luz, el silencio y la conexi\u00f3n constante con el mar han dado forma a un estilo de vida \u00fanico. Un proyecto pensado para quienes no buscaban solo una vivienda, sino un hogar con alma.<\/p>\n<p><img loading=\"lazy\" class=\"aligncenter size-full wp-image-11741\" src=\"https:\/\/www.bonninsanso.com\/discoverymenorca\/wp-content\/uploads\/2026\/04\/01-salon-comedor-C001.jpg\" alt=\"\" width=\"4320\" height=\"2160\" \/><\/p>\n<p>&nbsp;<\/p>\n<p>El \u00e9xito de ventas, con todas las viviendas reservadas en tiempo r\u00e9cord, confirma una realidad cada vez m\u00e1s evidente en Menorca: el valor de los espacios bien concebidos, integrados con respeto en su entorno y dise\u00f1ados para disfrutar de la isla con calma, elegancia y autenticidad.<\/p>\n<p>Hoy, esa historia contin\u00faa.<\/p>\n<p>Inspirado en la misma esencia nace Mirador de Cala Corb, una nueva promoci\u00f3n de obra nueva que eleva a\u00fan m\u00e1s el concepto residencial en este enclave excepcional. Un conjunto exclusivo de 22 viviendas de 2 y 3 dormitorios, con piscina comunitaria y unas vistas absolutamente privilegiadas sobre el puerto de Mah\u00f3n, donde cada amanecer promete convertirse en una experiencia irrepetible.<\/p>\n<p>Mismo promotor. Misma filosof\u00eda. Una nueva perspectiva.<\/p>\n<p>Una oportunidad para quienes comprenden que el verdadero lujo no reside \u00fanicamente en el dise\u00f1o o la ubicaci\u00f3n, sino en la forma en la que un espacio transforma la manera de vivir.<\/p>\n<p>Descubre todos los detalles de este nuevo cap\u00edtulo frente al mar <a href=\"https:\/\/www.bonninsanso.com\/es\/promociones\/\" target=\"_blank\" rel=\"noopener\">aqu\u00ed<\/a>.<\/p>\n<p><img loading=\"lazy\" class=\"aligncenter size-full wp-image-11740\" src=\"https:\/\/www.bonninsanso.com\/discoverymenorca\/wp-content\/uploads\/2026\/04\/Bonnin-Sanso_MIRADOR-CALA-CORB-2.jpg\" alt=\"\" width=\"2008\" height=\"1339\" \/><\/p>\n","protected":false},"excerpt":{"rendered":"<p>Residencial Cala Corb ha sido uno de esos lugares capaces de despertar emociones desde el primer instante. Un enclave privilegiado frente al puerto de Mah\u00f3n, donde la luz, el silencio y la conexi\u00f3n constante con el mar han dado forma a un estilo de vida [&hellip;]<\/p>\n","protected":false},"author":2,"featured_media":11739,"comment_status":"open","ping_status":"closed","sticky":false,"template":"","format":"standard","meta":[],"categories":[2550],"tags":[3074,2692],"yoast_head":"<!-- This site is optimized with the Yoast SEO plugin v17.4 - https:\/\/yoast.com\/wordpress\/plugins\/seo\/ -->\n<title>Cala Corb: El lugar donde el mar y la vida se encuentran.<\/title>\n<meta name=\"robots\" content=\"index, follow, max-snippet:-1, max-image-preview:large, max-video-preview:-1\" \/>\n<link rel=\"canonical\" href=\"https:\/\/www.bonninsanso.com\/discoverymenorca\/es\/cala-corb-el-lugar-donde-el-mar-y-la-vida-se-encuentran\/\" \/>\n<meta property=\"og:locale\" content=\"es_ES\" \/>\n<meta property=\"og:type\" content=\"article\" \/>\n<meta property=\"og:title\" content=\"Cala Corb: El lugar donde el mar y la vida se encuentran.\" \/>\n<meta property=\"og:description\" content=\"Residencial Cala Corb ha sido uno de esos lugares capaces de despertar emociones desde el primer instante. Un enclave privilegiado frente al puerto de Mah\u00f3n, donde la luz, el silencio y la conexi\u00f3n constante con el mar han dado forma a un estilo de vida [&hellip;]\" \/>\n<meta property=\"og:url\" content=\"https:\/\/www.bonninsanso.com\/discoverymenorca\/es\/cala-corb-el-lugar-donde-el-mar-y-la-vida-se-encuentran\/\" \/>\n<meta property=\"og:site_name\" content=\"Blog de Menorca de Bonnin Sanso\" \/>\n<meta property=\"article:published_time\" content=\"2026-04-27T11:27:02+00:00\" \/>\n<meta property=\"og:image\" content=\"https:\/\/www.bonninsanso.com\/discoverymenorca\/wp-content\/uploads\/2026\/04\/Bonnin-Sanso_MIRADOR-CALA-CORB.jpg\" \/>\n\t<meta property=\"og:image:width\" content=\"2008\" \/>\n\t<meta property=\"og:image:height\" content=\"1339\" \/>\n<meta name=\"twitter:card\" content=\"summary\" \/>\n<meta name=\"twitter:label1\" content=\"Escrito por\" \/>\n\t<meta name=\"twitter:data1\" content=\"Bonnin Sanso\" \/>\n\t<meta name=\"twitter:label2\" content=\"Tiempo de lectura\" \/>\n\t<meta name=\"twitter:data2\" content=\"2 minutos\" \/>\n<script type=\"application\/ld+json\" class=\"yoast-schema-graph\">{\"@context\":\"https:\/\/schema.org\",\"@graph\":[{\"@type\":\"WebSite\",\"@id\":\"https:\/\/www.bonninsanso.com\/discoverymenorca\/#website\",\"url\":\"https:\/\/www.bonninsanso.com\/discoverymenorca\/\",\"name\":\"Blog de Menorca de Bonnin Sanso\",\"description\":\"Informaci\\u00f3n sobre playas, zonas, rutas, tiendas y planes que hacer en Menorca.\",\"potentialAction\":[{\"@type\":\"SearchAction\",\"target\":{\"@type\":\"EntryPoint\",\"urlTemplate\":\"https:\/\/www.bonninsanso.com\/discoverymenorca\/?s={search_term_string}\"},\"query-input\":\"required name=search_term_string\"}],\"inLanguage\":\"es\"},{\"@type\":\"ImageObject\",\"@id\":\"https:\/\/www.bonninsanso.com\/discoverymenorca\/es\/cala-corb-el-lugar-donde-el-mar-y-la-vida-se-encuentran\/#primaryimage\",\"inLanguage\":\"es\",\"url\":\"https:\/\/www.bonninsanso.com\/discoverymenorca\/wp-content\/uploads\/2026\/04\/Bonnin-Sanso_MIRADOR-CALA-CORB.jpg\",\"contentUrl\":\"https:\/\/www.bonninsanso.com\/discoverymenorca\/wp-content\/uploads\/2026\/04\/Bonnin-Sanso_MIRADOR-CALA-CORB.jpg\",\"width\":2008,\"height\":1339},{\"@type\":\"WebPage\",\"@id\":\"https:\/\/www.bonninsanso.com\/discoverymenorca\/es\/cala-corb-el-lugar-donde-el-mar-y-la-vida-se-encuentran\/#webpage\",\"url\":\"https:\/\/www.bonninsanso.com\/discoverymenorca\/es\/cala-corb-el-lugar-donde-el-mar-y-la-vida-se-encuentran\/\",\"name\":\"Cala Corb: El lugar donde el mar y la vida se encuentran.\",\"isPartOf\":{\"@id\":\"https:\/\/www.bonninsanso.com\/discoverymenorca\/#website\"},\"primaryImageOfPage\":{\"@id\":\"https:\/\/www.bonninsanso.com\/discoverymenorca\/es\/cala-corb-el-lugar-donde-el-mar-y-la-vida-se-encuentran\/#primaryimage\"},\"datePublished\":\"2026-04-27T11:27:02+00:00\",\"dateModified\":\"2026-04-27T11:27:02+00:00\",\"author\":{\"@id\":\"https:\/\/www.bonninsanso.com\/discoverymenorca\/#\/schema\/person\/984ef2a089e5a393bde64377ae86be19\"},\"breadcrumb\":{\"@id\":\"https:\/\/www.bonninsanso.com\/discoverymenorca\/es\/cala-corb-el-lugar-donde-el-mar-y-la-vida-se-encuentran\/#breadcrumb\"},\"inLanguage\":\"es\",\"potentialAction\":[{\"@type\":\"ReadAction\",\"target\":[\"https:\/\/www.bonninsanso.com\/discoverymenorca\/es\/cala-corb-el-lugar-donde-el-mar-y-la-vida-se-encuentran\/\"]}]},{\"@type\":\"BreadcrumbList\",\"@id\":\"https:\/\/www.bonninsanso.com\/discoverymenorca\/es\/cala-corb-el-lugar-donde-el-mar-y-la-vida-se-encuentran\/#breadcrumb\",\"itemListElement\":[{\"@type\":\"ListItem\",\"position\":1,\"name\":\"Portada\",\"item\":\"https:\/\/www.bonninsanso.com\/discoverymenorca\/\"},{\"@type\":\"ListItem\",\"position\":2,\"name\":\"Cala Corb: El lugar donde el mar y la vida se encuentran.\"}]},{\"@type\":\"Person\",\"@id\":\"https:\/\/www.bonninsanso.com\/discoverymenorca\/#\/schema\/person\/984ef2a089e5a393bde64377ae86be19\",\"name\":\"Bonnin Sanso\",\"image\":{\"@type\":\"ImageObject\",\"@id\":\"https:\/\/www.bonninsanso.com\/discoverymenorca\/#personlogo\",\"inLanguage\":\"es\",\"url\":\"https:\/\/secure.gravatar.com\/avatar\/7eeb713bca761d2bca42fe2af141e12f?s=96&d=mm&r=g\",\"contentUrl\":\"https:\/\/secure.gravatar.com\/avatar\/7eeb713bca761d2bca42fe2af141e12f?s=96&d=mm&r=g\",\"caption\":\"Bonnin Sanso\"}}]}<\/script>\n<!-- \/ Yoast SEO plugin. -->","yoast_head_json":{"title":"Cala Corb: El lugar donde el mar y la vida se encuentran.","robots":{"index":"index","follow":"follow","max-snippet":"max-snippet:-1","max-image-preview":"max-image-preview:large","max-video-preview":"max-video-preview:-1"},"canonical":"https:\/\/www.bonninsanso.com\/discoverymenorca\/es\/cala-corb-el-lugar-donde-el-mar-y-la-vida-se-encuentran\/","og_locale":"es_ES","og_type":"article","og_title":"Cala Corb: El lugar donde el mar y la vida se encuentran.","og_description":"Residencial Cala Corb ha sido uno de esos lugares capaces de despertar emociones desde el primer instante. Un enclave privilegiado frente al puerto de Mah\u00f3n, donde la luz, el silencio y la conexi\u00f3n constante con el mar han dado forma a un estilo de vida [&hellip;]","og_url":"https:\/\/www.bonninsanso.com\/discoverymenorca\/es\/cala-corb-el-lugar-donde-el-mar-y-la-vida-se-encuentran\/","og_site_name":"Blog de Menorca de Bonnin Sanso","article_published_time":"2026-04-27T11:27:02+00:00","og_image":[{"width":2008,"height":1339,"url":"https:\/\/www.bonninsanso.com\/discoverymenorca\/wp-content\/uploads\/2026\/04\/Bonnin-Sanso_MIRADOR-CALA-CORB.jpg","type":"image\/jpeg"}],"twitter_card":"summary","twitter_misc":{"Escrito por":"Bonnin Sanso","Tiempo de lectura":"2 minutos"},"schema":{"@context":"https:\/\/schema.org","@graph":[{"@type":"WebSite","@id":"https:\/\/www.bonninsanso.com\/discoverymenorca\/#website","url":"https:\/\/www.bonninsanso.com\/discoverymenorca\/","name":"Blog de Menorca de Bonnin Sanso","description":"Informaci\u00f3n sobre playas, zonas, rutas, tiendas y planes que hacer en Menorca.","potentialAction":[{"@type":"SearchAction","target":{"@type":"EntryPoint","urlTemplate":"https:\/\/www.bonninsanso.com\/discoverymenorca\/?s={search_term_string}"},"query-input":"required name=search_term_string"}],"inLanguage":"es"},{"@type":"ImageObject","@id":"https:\/\/www.bonninsanso.com\/discoverymenorca\/es\/cala-corb-el-lugar-donde-el-mar-y-la-vida-se-encuentran\/#primaryimage","inLanguage":"es","url":"https:\/\/www.bonninsanso.com\/discoverymenorca\/wp-content\/uploads\/2026\/04\/Bonnin-Sanso_MIRADOR-CALA-CORB.jpg","contentUrl":"https:\/\/www.bonninsanso.com\/discoverymenorca\/wp-content\/uploads\/2026\/04\/Bonnin-Sanso_MIRADOR-CALA-CORB.jpg","width":2008,"height":1339},{"@type":"WebPage","@id":"https:\/\/www.bonninsanso.com\/discoverymenorca\/es\/cala-corb-el-lugar-donde-el-mar-y-la-vida-se-encuentran\/#webpage","url":"https:\/\/www.bonninsanso.com\/discoverymenorca\/es\/cala-corb-el-lugar-donde-el-mar-y-la-vida-se-encuentran\/","name":"Cala Corb: El lugar donde el mar y la vida se encuentran.","isPartOf":{"@id":"https:\/\/www.bonninsanso.com\/discoverymenorca\/#website"},"primaryImageOfPage":{"@id":"https:\/\/www.bonninsanso.com\/discoverymenorca\/es\/cala-corb-el-lugar-donde-el-mar-y-la-vida-se-encuentran\/#primaryimage"},"datePublished":"2026-04-27T11:27:02+00:00","dateModified":"2026-04-27T11:27:02+00:00","author":{"@id":"https:\/\/www.bonninsanso.com\/discoverymenorca\/#\/schema\/person\/984ef2a089e5a393bde64377ae86be19"},"breadcrumb":{"@id":"https:\/\/www.bonninsanso.com\/discoverymenorca\/es\/cala-corb-el-lugar-donde-el-mar-y-la-vida-se-encuentran\/#breadcrumb"},"inLanguage":"es","potentialAction":[{"@type":"ReadAction","target":["https:\/\/www.bonninsanso.com\/discoverymenorca\/es\/cala-corb-el-lugar-donde-el-mar-y-la-vida-se-encuentran\/"]}]},{"@type":"BreadcrumbList","@id":"https:\/\/www.bonninsanso.com\/discoverymenorca\/es\/cala-corb-el-lugar-donde-el-mar-y-la-vida-se-encuentran\/#breadcrumb","itemListElement":[{"@type":"ListItem","position":1,"name":"Portada","item":"https:\/\/www.bonninsanso.com\/discoverymenorca\/"},{"@type":"ListItem","position":2,"name":"Cala Corb: El lugar donde el mar y la vida se encuentran."}]},{"@type":"Person","@id":"https:\/\/www.bonninsanso.com\/discoverymenorca\/#\/schema\/person\/984ef2a089e5a393bde64377ae86be19","name":"Bonnin Sanso","image":{"@type":"ImageObject","@id":"https:\/\/www.bonninsanso.com\/discoverymenorca\/#personlogo","inLanguage":"es","url":"https:\/\/secure.gravatar.com\/avatar\/7eeb713bca761d2bca42fe2af141e12f?s=96&d=mm&r=g","contentUrl":"https:\/\/secure.gravatar.com\/avatar\/7eeb713bca761d2bca42fe2af141e12f?s=96&d=mm&r=g","caption":"Bonnin Sanso"}}]}},"_links":{"self":[{"href":"https:\/\/www.bonninsanso.com\/discoverymenorca\/wp-json\/wp\/v2\/posts\/11738"}],"collection":[{"href":"https:\/\/www.bonninsanso.com\/discoverymenorca\/wp-json\/wp\/v2\/posts"}],"about":[{"href":"https:\/\/www.bonninsanso.com\/discoverymenorca\/wp-json\/wp\/v2\/types\/post"}],"author":[{"embeddable":true,"href":"https:\/\/www.bonninsanso.com\/discoverymenorca\/wp-json\/wp\/v2\/users\/2"}],"replies":[{"embeddable":true,"href":"https:\/\/www.bonninsanso.com\/discoverymenorca\/wp-json\/wp\/v2\/comments?post=11738"}],"version-history":[{"count":1,"href":"https:\/\/www.bonninsanso.com\/discoverymenorca\/wp-json\/wp\/v2\/posts\/11738\/revisions"}],"predecessor-version":[{"id":11742,"href":"https:\/\/www.bonninsanso.com\/discoverymenorca\/wp-json\/wp\/v2\/posts\/11738\/revisions\/11742"}],"wp:featuredmedia":[{"embeddable":true,"href":"https:\/\/www.bonninsanso.com\/discoverymenorca\/wp-json\/wp\/v2\/media\/11739"}],"wp:attachment":[{"href":"https:\/\/www.bonninsanso.com\/discoverymenorca\/wp-json\/wp\/v2\/media?parent=11738"}],"wp:term":[{"taxonomy":"category","embeddable":true,"href":"https:\/\/www.bonninsanso.com\/discoverymenorca\/wp-json\/wp\/v2\/categories?post=11738"},{"taxonomy":"post_tag","embeddable":true,"href":"https:\/\/www.bonninsanso.com\/discoverymenorca\/wp-json\/wp\/v2\/tags?post=11738"}],"curies":[{"name":"wp","href":"https:\/\/api.w.org\/{rel}","templated":true}]}}