{"id":11745,"date":"2026-04-27T13:31:54","date_gmt":"2026-04-27T11:31:54","guid":{"rendered":"https:\/\/www.bonninsanso.com\/discoverymenorca\/?p=11745"},"modified":"2026-04-27T13:31:54","modified_gmt":"2026-04-27T11:31:54","slug":"cala-corb-la-ou-la-mer-et-la-vie-se-rencontrent","status":"publish","type":"post","link":"https:\/\/www.bonninsanso.com\/discoverymenorca\/fr\/cala-corb-la-ou-la-mer-et-la-vie-se-rencontrent\/","title":{"rendered":"Cala Corb. L\u00e0 o\u00f9 la mer et la vie se rencontrent."},"content":{"rendered":"<p>Residencial Cala Corb a \u00e9t\u00e9 l\u2019un de ces lieux capables d\u2019\u00e9veiller des \u00e9motions d\u00e8s le premier instant. Un emplacement privil\u00e9gi\u00e9 face au port de Mah\u00f3n, o\u00f9 la lumi\u00e8re, le calme et la connexion permanente avec la mer ont fa\u00e7onn\u00e9 un art de vivre unique. Un projet pens\u00e9 pour ceux qui ne recherchaient pas seulement un logement, mais un v\u00e9ritable foyer avec une \u00e2me.<\/p>\n<p><img loading=\"lazy\" class=\"aligncenter size-full wp-image-11741\" src=\"https:\/\/www.bonninsanso.com\/discoverymenorca\/wp-content\/uploads\/2026\/04\/01-salon-comedor-C001.jpg\" alt=\"\" width=\"4320\" height=\"2160\" \/><\/p>\n<p>&nbsp;<\/p>\n<p>Le succ\u00e8s commercial, avec l\u2019ensemble des logements r\u00e9serv\u00e9s en un temps record, confirme une r\u00e9alit\u00e9 de plus en plus \u00e9vidente \u00e0 Minorque : la valeur des espaces bien con\u00e7us, int\u00e9gr\u00e9s avec respect dans leur environnement et pens\u00e9s pour profiter de l\u2019\u00eele avec s\u00e9r\u00e9nit\u00e9, \u00e9l\u00e9gance et authenticit\u00e9.<\/p>\n<p>Aujourd\u2019hui, cette histoire se poursuit.<\/p>\n<p>Inspir\u00e9 par la m\u00eame essence na\u00eet Mirador de Cala Corb, un nouveau programme immobilier qui \u00e9l\u00e8ve encore davantage le concept r\u00e9sidentiel dans cet emplacement exceptionnel. Un ensemble exclusif de 22 logements de 2 et 3 chambres, avec piscine commune et des vues absolument privil\u00e9gi\u00e9es sur le port de Mah\u00f3n, o\u00f9 chaque lever de soleil promet de devenir une exp\u00e9rience inoubliable.<\/p>\n<p>M\u00eame promoteur. M\u00eame philosophie. Une nouvelle perspective.<\/p>\n<p>Une opportunit\u00e9 pour ceux qui comprennent que le v\u00e9ritable luxe ne r\u00e9side pas uniquement dans le design ou l\u2019emplacement, mais dans la mani\u00e8re dont un espace transforme la fa\u00e7on de vivre.<\/p>\n<p><a href=\"https:\/\/www.bonninsanso.com\/fr\/promotions\/\">D\u00e9couvrez tous les d\u00e9tails<\/a> de ce nouveau chapitre face \u00e0 la mer.<i><\/i><\/p>\n<p>&nbsp;<\/p>\n<p><img loading=\"lazy\" class=\"aligncenter size-full wp-image-11740\" src=\"https:\/\/www.bonninsanso.com\/discoverymenorca\/wp-content\/uploads\/2026\/04\/Bonnin-Sanso_MIRADOR-CALA-CORB-2.jpg\" alt=\"\" width=\"2008\" height=\"1339\" \/><\/p>\n","protected":false},"excerpt":{"rendered":"<p>Residencial Cala Corb a \u00e9t\u00e9 l\u2019un de ces lieux capables d\u2019\u00e9veiller des \u00e9motions d\u00e8s le premier instant. Un emplacement privil\u00e9gi\u00e9 face au port de Mah\u00f3n, o\u00f9 la lumi\u00e8re, le calme et la connexion permanente avec la mer ont fa\u00e7onn\u00e9 un art de vivre unique. Un [&hellip;]<\/p>\n","protected":false},"author":2,"featured_media":11739,"comment_status":"open","ping_status":"closed","sticky":false,"template":"","format":"standard","meta":[],"categories":[2554],"tags":[],"yoast_head":"<!-- This site is optimized with the Yoast SEO plugin v17.4 - https:\/\/yoast.com\/wordpress\/plugins\/seo\/ -->\n<title>Cala Corb. L\u00e0 o\u00f9 la mer et la vie se rencontrent.<\/title>\n<meta name=\"robots\" content=\"index, follow, max-snippet:-1, max-image-preview:large, max-video-preview:-1\" \/>\n<link rel=\"canonical\" href=\"https:\/\/www.bonninsanso.com\/discoverymenorca\/fr\/cala-corb-la-ou-la-mer-et-la-vie-se-rencontrent\/\" \/>\n<meta property=\"og:locale\" content=\"es_ES\" \/>\n<meta property=\"og:type\" content=\"article\" \/>\n<meta property=\"og:title\" content=\"Cala Corb. L\u00e0 o\u00f9 la mer et la vie se rencontrent.\" \/>\n<meta property=\"og:description\" content=\"Residencial Cala Corb a \u00e9t\u00e9 l\u2019un de ces lieux capables d\u2019\u00e9veiller des \u00e9motions d\u00e8s le premier instant. Un emplacement privil\u00e9gi\u00e9 face au port de Mah\u00f3n, o\u00f9 la lumi\u00e8re, le calme et la connexion permanente avec la mer ont fa\u00e7onn\u00e9 un art de vivre unique. Un [&hellip;]\" \/>\n<meta property=\"og:url\" content=\"https:\/\/www.bonninsanso.com\/discoverymenorca\/fr\/cala-corb-la-ou-la-mer-et-la-vie-se-rencontrent\/\" \/>\n<meta property=\"og:site_name\" content=\"Blog de Menorca de Bonnin Sanso\" \/>\n<meta property=\"article:published_time\" content=\"2026-04-27T11:31:54+00:00\" \/>\n<meta property=\"og:image\" content=\"https:\/\/www.bonninsanso.com\/discoverymenorca\/wp-content\/uploads\/2026\/04\/Bonnin-Sanso_MIRADOR-CALA-CORB.jpg\" \/>\n\t<meta property=\"og:image:width\" content=\"2008\" \/>\n\t<meta property=\"og:image:height\" content=\"1339\" \/>\n<meta name=\"twitter:card\" content=\"summary\" \/>\n<meta name=\"twitter:label1\" content=\"Escrito por\" \/>\n\t<meta name=\"twitter:data1\" content=\"Bonnin Sanso\" \/>\n\t<meta name=\"twitter:label2\" content=\"Tiempo de lectura\" \/>\n\t<meta name=\"twitter:data2\" content=\"1 minuto\" \/>\n<script type=\"application\/ld+json\" class=\"yoast-schema-graph\">{\"@context\":\"https:\/\/schema.org\",\"@graph\":[{\"@type\":\"WebSite\",\"@id\":\"https:\/\/www.bonninsanso.com\/discoverymenorca\/#website\",\"url\":\"https:\/\/www.bonninsanso.com\/discoverymenorca\/\",\"name\":\"Blog de Menorca de Bonnin Sanso\",\"description\":\"Informaci\\u00f3n sobre playas, zonas, rutas, tiendas y planes que hacer en Menorca.\",\"potentialAction\":[{\"@type\":\"SearchAction\",\"target\":{\"@type\":\"EntryPoint\",\"urlTemplate\":\"https:\/\/www.bonninsanso.com\/discoverymenorca\/?s={search_term_string}\"},\"query-input\":\"required name=search_term_string\"}],\"inLanguage\":\"es\"},{\"@type\":\"ImageObject\",\"@id\":\"https:\/\/www.bonninsanso.com\/discoverymenorca\/fr\/cala-corb-la-ou-la-mer-et-la-vie-se-rencontrent\/#primaryimage\",\"inLanguage\":\"es\",\"url\":\"https:\/\/www.bonninsanso.com\/discoverymenorca\/wp-content\/uploads\/2026\/04\/Bonnin-Sanso_MIRADOR-CALA-CORB.jpg\",\"contentUrl\":\"https:\/\/www.bonninsanso.com\/discoverymenorca\/wp-content\/uploads\/2026\/04\/Bonnin-Sanso_MIRADOR-CALA-CORB.jpg\",\"width\":2008,\"height\":1339},{\"@type\":\"WebPage\",\"@id\":\"https:\/\/www.bonninsanso.com\/discoverymenorca\/fr\/cala-corb-la-ou-la-mer-et-la-vie-se-rencontrent\/#webpage\",\"url\":\"https:\/\/www.bonninsanso.com\/discoverymenorca\/fr\/cala-corb-la-ou-la-mer-et-la-vie-se-rencontrent\/\",\"name\":\"Cala Corb. L\\u00e0 o\\u00f9 la mer et la vie se rencontrent.\",\"isPartOf\":{\"@id\":\"https:\/\/www.bonninsanso.com\/discoverymenorca\/#website\"},\"primaryImageOfPage\":{\"@id\":\"https:\/\/www.bonninsanso.com\/discoverymenorca\/fr\/cala-corb-la-ou-la-mer-et-la-vie-se-rencontrent\/#primaryimage\"},\"datePublished\":\"2026-04-27T11:31:54+00:00\",\"dateModified\":\"2026-04-27T11:31:54+00:00\",\"author\":{\"@id\":\"https:\/\/www.bonninsanso.com\/discoverymenorca\/#\/schema\/person\/984ef2a089e5a393bde64377ae86be19\"},\"breadcrumb\":{\"@id\":\"https:\/\/www.bonninsanso.com\/discoverymenorca\/fr\/cala-corb-la-ou-la-mer-et-la-vie-se-rencontrent\/#breadcrumb\"},\"inLanguage\":\"es\",\"potentialAction\":[{\"@type\":\"ReadAction\",\"target\":[\"https:\/\/www.bonninsanso.com\/discoverymenorca\/fr\/cala-corb-la-ou-la-mer-et-la-vie-se-rencontrent\/\"]}]},{\"@type\":\"BreadcrumbList\",\"@id\":\"https:\/\/www.bonninsanso.com\/discoverymenorca\/fr\/cala-corb-la-ou-la-mer-et-la-vie-se-rencontrent\/#breadcrumb\",\"itemListElement\":[{\"@type\":\"ListItem\",\"position\":1,\"name\":\"Portada\",\"item\":\"https:\/\/www.bonninsanso.com\/discoverymenorca\/\"},{\"@type\":\"ListItem\",\"position\":2,\"name\":\"Cala Corb. L\\u00e0 o\\u00f9 la mer et la vie se rencontrent.\"}]},{\"@type\":\"Person\",\"@id\":\"https:\/\/www.bonninsanso.com\/discoverymenorca\/#\/schema\/person\/984ef2a089e5a393bde64377ae86be19\",\"name\":\"Bonnin Sanso\",\"image\":{\"@type\":\"ImageObject\",\"@id\":\"https:\/\/www.bonninsanso.com\/discoverymenorca\/#personlogo\",\"inLanguage\":\"es\",\"url\":\"https:\/\/secure.gravatar.com\/avatar\/7eeb713bca761d2bca42fe2af141e12f?s=96&d=mm&r=g\",\"contentUrl\":\"https:\/\/secure.gravatar.com\/avatar\/7eeb713bca761d2bca42fe2af141e12f?s=96&d=mm&r=g\",\"caption\":\"Bonnin Sanso\"}}]}<\/script>\n<!-- \/ Yoast SEO plugin. -->","yoast_head_json":{"title":"Cala Corb. L\u00e0 o\u00f9 la mer et la vie se rencontrent.","robots":{"index":"index","follow":"follow","max-snippet":"max-snippet:-1","max-image-preview":"max-image-preview:large","max-video-preview":"max-video-preview:-1"},"canonical":"https:\/\/www.bonninsanso.com\/discoverymenorca\/fr\/cala-corb-la-ou-la-mer-et-la-vie-se-rencontrent\/","og_locale":"es_ES","og_type":"article","og_title":"Cala Corb. L\u00e0 o\u00f9 la mer et la vie se rencontrent.","og_description":"Residencial Cala Corb a \u00e9t\u00e9 l\u2019un de ces lieux capables d\u2019\u00e9veiller des \u00e9motions d\u00e8s le premier instant. Un emplacement privil\u00e9gi\u00e9 face au port de Mah\u00f3n, o\u00f9 la lumi\u00e8re, le calme et la connexion permanente avec la mer ont fa\u00e7onn\u00e9 un art de vivre unique. Un [&hellip;]","og_url":"https:\/\/www.bonninsanso.com\/discoverymenorca\/fr\/cala-corb-la-ou-la-mer-et-la-vie-se-rencontrent\/","og_site_name":"Blog de Menorca de Bonnin Sanso","article_published_time":"2026-04-27T11:31:54+00:00","og_image":[{"width":2008,"height":1339,"url":"https:\/\/www.bonninsanso.com\/discoverymenorca\/wp-content\/uploads\/2026\/04\/Bonnin-Sanso_MIRADOR-CALA-CORB.jpg","type":"image\/jpeg"}],"twitter_card":"summary","twitter_misc":{"Escrito por":"Bonnin Sanso","Tiempo de lectura":"1 minuto"},"schema":{"@context":"https:\/\/schema.org","@graph":[{"@type":"WebSite","@id":"https:\/\/www.bonninsanso.com\/discoverymenorca\/#website","url":"https:\/\/www.bonninsanso.com\/discoverymenorca\/","name":"Blog de Menorca de Bonnin Sanso","description":"Informaci\u00f3n sobre playas, zonas, rutas, tiendas y planes que hacer en Menorca.","potentialAction":[{"@type":"SearchAction","target":{"@type":"EntryPoint","urlTemplate":"https:\/\/www.bonninsanso.com\/discoverymenorca\/?s={search_term_string}"},"query-input":"required name=search_term_string"}],"inLanguage":"es"},{"@type":"ImageObject","@id":"https:\/\/www.bonninsanso.com\/discoverymenorca\/fr\/cala-corb-la-ou-la-mer-et-la-vie-se-rencontrent\/#primaryimage","inLanguage":"es","url":"https:\/\/www.bonninsanso.com\/discoverymenorca\/wp-content\/uploads\/2026\/04\/Bonnin-Sanso_MIRADOR-CALA-CORB.jpg","contentUrl":"https:\/\/www.bonninsanso.com\/discoverymenorca\/wp-content\/uploads\/2026\/04\/Bonnin-Sanso_MIRADOR-CALA-CORB.jpg","width":2008,"height":1339},{"@type":"WebPage","@id":"https:\/\/www.bonninsanso.com\/discoverymenorca\/fr\/cala-corb-la-ou-la-mer-et-la-vie-se-rencontrent\/#webpage","url":"https:\/\/www.bonninsanso.com\/discoverymenorca\/fr\/cala-corb-la-ou-la-mer-et-la-vie-se-rencontrent\/","name":"Cala Corb. L\u00e0 o\u00f9 la mer et la vie se rencontrent.","isPartOf":{"@id":"https:\/\/www.bonninsanso.com\/discoverymenorca\/#website"},"primaryImageOfPage":{"@id":"https:\/\/www.bonninsanso.com\/discoverymenorca\/fr\/cala-corb-la-ou-la-mer-et-la-vie-se-rencontrent\/#primaryimage"},"datePublished":"2026-04-27T11:31:54+00:00","dateModified":"2026-04-27T11:31:54+00:00","author":{"@id":"https:\/\/www.bonninsanso.com\/discoverymenorca\/#\/schema\/person\/984ef2a089e5a393bde64377ae86be19"},"breadcrumb":{"@id":"https:\/\/www.bonninsanso.com\/discoverymenorca\/fr\/cala-corb-la-ou-la-mer-et-la-vie-se-rencontrent\/#breadcrumb"},"inLanguage":"es","potentialAction":[{"@type":"ReadAction","target":["https:\/\/www.bonninsanso.com\/discoverymenorca\/fr\/cala-corb-la-ou-la-mer-et-la-vie-se-rencontrent\/"]}]},{"@type":"BreadcrumbList","@id":"https:\/\/www.bonninsanso.com\/discoverymenorca\/fr\/cala-corb-la-ou-la-mer-et-la-vie-se-rencontrent\/#breadcrumb","itemListElement":[{"@type":"ListItem","position":1,"name":"Portada","item":"https:\/\/www.bonninsanso.com\/discoverymenorca\/"},{"@type":"ListItem","position":2,"name":"Cala Corb. L\u00e0 o\u00f9 la mer et la vie se rencontrent."}]},{"@type":"Person","@id":"https:\/\/www.bonninsanso.com\/discoverymenorca\/#\/schema\/person\/984ef2a089e5a393bde64377ae86be19","name":"Bonnin Sanso","image":{"@type":"ImageObject","@id":"https:\/\/www.bonninsanso.com\/discoverymenorca\/#personlogo","inLanguage":"es","url":"https:\/\/secure.gravatar.com\/avatar\/7eeb713bca761d2bca42fe2af141e12f?s=96&d=mm&r=g","contentUrl":"https:\/\/secure.gravatar.com\/avatar\/7eeb713bca761d2bca42fe2af141e12f?s=96&d=mm&r=g","caption":"Bonnin Sanso"}}]}},"_links":{"self":[{"href":"https:\/\/www.bonninsanso.com\/discoverymenorca\/wp-json\/wp\/v2\/posts\/11745"}],"collection":[{"href":"https:\/\/www.bonninsanso.com\/discoverymenorca\/wp-json\/wp\/v2\/posts"}],"about":[{"href":"https:\/\/www.bonninsanso.com\/discoverymenorca\/wp-json\/wp\/v2\/types\/post"}],"author":[{"embeddable":true,"href":"https:\/\/www.bonninsanso.com\/discoverymenorca\/wp-json\/wp\/v2\/users\/2"}],"replies":[{"embeddable":true,"href":"https:\/\/www.bonninsanso.com\/discoverymenorca\/wp-json\/wp\/v2\/comments?post=11745"}],"version-history":[{"count":1,"href":"https:\/\/www.bonninsanso.com\/discoverymenorca\/wp-json\/wp\/v2\/posts\/11745\/revisions"}],"predecessor-version":[{"id":11746,"href":"https:\/\/www.bonninsanso.com\/discoverymenorca\/wp-json\/wp\/v2\/posts\/11745\/revisions\/11746"}],"wp:featuredmedia":[{"embeddable":true,"href":"https:\/\/www.bonninsanso.com\/discoverymenorca\/wp-json\/wp\/v2\/media\/11739"}],"wp:attachment":[{"href":"https:\/\/www.bonninsanso.com\/discoverymenorca\/wp-json\/wp\/v2\/media?parent=11745"}],"wp:term":[{"taxonomy":"category","embeddable":true,"href":"https:\/\/www.bonninsanso.com\/discoverymenorca\/wp-json\/wp\/v2\/categories?post=11745"},{"taxonomy":"post_tag","embeddable":true,"href":"https:\/\/www.bonninsanso.com\/discoverymenorca\/wp-json\/wp\/v2\/tags?post=11745"}],"curies":[{"name":"wp","href":"https:\/\/api.w.org\/{rel}","templated":true}]}}